{"id":1,"date":"2017-07-10T03:48:21","date_gmt":"2017-07-10T03:48:21","guid":{"rendered":"http:\/\/www.europeano.de\/content\/?p=1"},"modified":"2017-07-28T21:14:22","modified_gmt":"2017-07-28T21:14:22","slug":"intention","status":"publish","type":"post","link":"https:\/\/www.europeano.de\/content\/2017\/07\/intention\/","title":{"rendered":"Intention zu dieser Website"},"content":{"rendered":"<p>Obwohl nur minder sprachbegabt wollte ich meinen Urlaub dazu nutzen, neben Englisch, eine weitere Sprache zu lernen.\u00a0 Gleichzeit war ich sehr angetan von der neuen pro europ\u00e4ischen Bewegung &#8222;Pulse of Europe&#8220;. Dies zusammen lies bei mir den Wunsch reifen: wie sch\u00f6n es doch w\u00e4re eine gemeinsame europ\u00e4ische (Hilfs-)Sprache zu haben.<\/p>\n<p>Diese gemeinsame Sprache sollte aber kein Land in Europa bevorzugen, weshalb die derzeitig weltweit verbreiteste Hilfssprache Englisch auch nicht in Frage kommt.<\/p>\n<p>Meine Idee ist nat\u00fcrlich nicht neu. Durch recherchen im Internet fand ich eine Reihe von Seiten die dies bereits thematisierten. Auch erfuhr ich von etlichen Plansprachen mit denen bereits versucht wird die internationale Kommunikation voranzubringen. Am meisten verbreitet scheint dabei die Plansprache Esperanto zu sein. Hier soll es sogar Menschen geben, die dies als Muttersprache angeben.<\/p>\n","protected":false},"excerpt":{"rendered":"<p>Obwohl nur minder sprachbegabt wollte ich meinen Urlaub dazu nutzen, neben Englisch, eine weitere Sprache zu lernen.\u00a0 Gleichzeit war ich sehr angetan von der neuen pro europ\u00e4ischen Bewegung &#8222;Pulse of Europe&#8220;. Dies zusammen lies bei mir den Wunsch reifen: wie sch\u00f6n es doch w\u00e4re eine gemeinsame europ\u00e4ische (Hilfs-)Sprache zu haben. Diese gemeinsame Sprache sollte aber &hellip; <a href=\"https:\/\/www.europeano.de\/content\/2017\/07\/intention\/\" class=\"more-link\"><span class=\"screen-reader-text\">Intention zu dieser Website<\/span> weiterlesen<\/a><\/p>\n","protected":false},"author":2,"featured_media":0,"comment_status":"open","ping_status":"closed","sticky":false,"template":"","format":"standard","meta":{"footnotes":""},"categories":[1],"tags":[],"class_list":["post-1","post","type-post","status-publish","format-standard","hentry","category-uncategorized"],"aioseo_notices":[],"_links":{"self":[{"href":"https:\/\/www.europeano.de\/content\/wp-json\/wp\/v2\/posts\/1","targetHints":{"allow":["GET"]}}],"collection":[{"href":"https:\/\/www.europeano.de\/content\/wp-json\/wp\/v2\/posts"}],"about":[{"href":"https:\/\/www.europeano.de\/content\/wp-json\/wp\/v2\/types\/post"}],"author":[{"embeddable":true,"href":"https:\/\/www.europeano.de\/content\/wp-json\/wp\/v2\/users\/2"}],"replies":[{"embeddable":true,"href":"https:\/\/www.europeano.de\/content\/wp-json\/wp\/v2\/comments?post=1"}],"version-history":[{"count":6,"href":"https:\/\/www.europeano.de\/content\/wp-json\/wp\/v2\/posts\/1\/revisions"}],"predecessor-version":[{"id":48,"href":"https:\/\/www.europeano.de\/content\/wp-json\/wp\/v2\/posts\/1\/revisions\/48"}],"wp:attachment":[{"href":"https:\/\/www.europeano.de\/content\/wp-json\/wp\/v2\/media?parent=1"}],"wp:term":[{"taxonomy":"category","embeddable":true,"href":"https:\/\/www.europeano.de\/content\/wp-json\/wp\/v2\/categories?post=1"},{"taxonomy":"post_tag","embeddable":true,"href":"https:\/\/www.europeano.de\/content\/wp-json\/wp\/v2\/tags?post=1"}],"curies":[{"name":"wp","href":"https:\/\/api.w.org\/{rel}","templated":true}]}}